{"id":696,"date":"2026-01-25T15:43:17","date_gmt":"2026-01-25T15:43:17","guid":{"rendered":"https:\/\/zoccer-blog6.de\/?p=696"},"modified":"2026-01-25T15:43:17","modified_gmt":"2026-01-25T15:43:17","slug":"saison-2025-2026-9-zat","status":"publish","type":"post","link":"https:\/\/zoccer-blog6.de\/?p=696","title":{"rendered":"Saison 2025\/2026 \u2013 9. ZAT"},"content":{"rendered":"<p><strong>Sevilla<\/strong> konnte sich an der Tabellenspitze ein kleines Polster erarbeiten und geht mit R\u00fcckenwind in die n\u00e4chsten Spieltage.<\/p>\n<p>Im Tabellenkeller meldet sich <strong>Real Sociedad<\/strong> mit zwei Siegen sp\u00fcrbar zur\u00fcck.<\/p>\n<p>Bei <strong>Real Madrid<\/strong> \u00fcbernimmt El Mapache vorl\u00e4ufig als Interim, parallel ist das Trainingslager ausgewertet und die erzielten Tore wurden den Torkonten gutgeschrieben.<\/p>\n<p>Weiter geht\u2019s mit den Spieltagen 21 und 22.<\/p>\n","protected":false},"excerpt":{"rendered":"<p>Sevilla konnte sich an der Tabellenspitze ein kleines Polster erarbeiten und geht mit R\u00fcckenwind in die n\u00e4chsten Spieltage. Im Tabellenkeller meldet sich Real Sociedad mit zwei Siegen sp\u00fcrbar zur\u00fcck. Bei Real Madrid \u00fcbernimmt El Mapache vorl\u00e4ufig als Interim, parallel ist das Trainingslager ausgewertet und die erzielten Tore wurden den Torkonten gutgeschrieben. Weiter geht\u2019s mit den &hellip; <a href=\"https:\/\/zoccer-blog6.de\/?p=696\" class=\"more-link\"><span class=\"screen-reader-text\">\u201eSaison 2025\/2026 \u2013 9. ZAT\u201c <\/span>weiterlesen<\/a><\/p>\n","protected":false},"author":1,"featured_media":0,"comment_status":"open","ping_status":"open","sticky":false,"template":"","format":"standard","meta":{"footnotes":""},"categories":[1],"tags":[],"class_list":["post-696","post","type-post","status-publish","format-standard","hentry","category-uncategorized"],"_links":{"self":[{"href":"https:\/\/zoccer-blog6.de\/index.php?rest_route=\/wp\/v2\/posts\/696","targetHints":{"allow":["GET"]}}],"collection":[{"href":"https:\/\/zoccer-blog6.de\/index.php?rest_route=\/wp\/v2\/posts"}],"about":[{"href":"https:\/\/zoccer-blog6.de\/index.php?rest_route=\/wp\/v2\/types\/post"}],"author":[{"embeddable":true,"href":"https:\/\/zoccer-blog6.de\/index.php?rest_route=\/wp\/v2\/users\/1"}],"replies":[{"embeddable":true,"href":"https:\/\/zoccer-blog6.de\/index.php?rest_route=%2Fwp%2Fv2%2Fcomments&post=696"}],"version-history":[{"count":1,"href":"https:\/\/zoccer-blog6.de\/index.php?rest_route=\/wp\/v2\/posts\/696\/revisions"}],"predecessor-version":[{"id":697,"href":"https:\/\/zoccer-blog6.de\/index.php?rest_route=\/wp\/v2\/posts\/696\/revisions\/697"}],"wp:attachment":[{"href":"https:\/\/zoccer-blog6.de\/index.php?rest_route=%2Fwp%2Fv2%2Fmedia&parent=696"}],"wp:term":[{"taxonomy":"category","embeddable":true,"href":"https:\/\/zoccer-blog6.de\/index.php?rest_route=%2Fwp%2Fv2%2Fcategories&post=696"},{"taxonomy":"post_tag","embeddable":true,"href":"https:\/\/zoccer-blog6.de\/index.php?rest_route=%2Fwp%2Fv2%2Ftags&post=696"}],"curies":[{"name":"wp","href":"https:\/\/api.w.org\/{rel}","templated":true}]}}